{"id":157,"date":"2026-02-09T12:03:39","date_gmt":"2026-02-09T11:03:39","guid":{"rendered":"http:\/\/stiftung-kirche-st-josef.de\/?p=157"},"modified":"2026-02-09T12:04:25","modified_gmt":"2026-02-09T11:04:25","slug":"kultur-in-st-josef-im-maerz","status":"publish","type":"post","link":"http:\/\/stiftung-kirche-st-josef.de\/?p=157","title":{"rendered":"Kultur in St. Josef im M\u00e4rz 2026"},"content":{"rendered":"\n<p>Der Vorstand der STIFTUNG KIRCHE ST. JOSEF l\u00e4dt herzlich im Rahmen unserer Veranstaltungsreihe Kultur in St. Josef zu einem Chorkonzert unter dem Thema:<\/p>\n\n\n\n<p><strong>&#8222;Wer ist Bach?&#8220; &#8211; Motetten vom gro\u00dfen Johann Sebastian und seinen Verwandten<\/strong><br>f\u00fcr Samstag, den 07. M\u00e4rz 2026 um 19:00 Uhr in die Kirche St. Josef ein.<\/p>\n\n\n\n<p>Johann Sebastian Bach ist vielleicht <strong>die<\/strong> zentrale Figur in der europ\u00e4ischen Musikgeschichte. Aber er ist nicht vom Himmel gefallen &#8211; \u00fcber viele Jahrzehnte galten die Bachs als im wahrsten Sinne des Wortes tonangebende Meister im gesamten s\u00e4chsisch-th\u00fcringischen Raum. Und auch nach seinem Tod ist diese Flamme nicht gleich erloschen.<br>Der Kammerchor Tallis-Ensemble Freiburg hat sich mit seinem Dirigenten Michael Hartenberg auf Spurensuche begeben und Erstaunliches entdeckt \u2026<\/p>\n\n\n\n<p>Herzliche Einladung.&nbsp;Der Eintritt ist frei, Spenden sind willkommen.<\/p>\n\n\n\n<p>Im Anschluss an die Veranstaltung laden wir Sie ein, bei Hefezopf und Getr\u00e4nken vor&nbsp;dem&nbsp;alten Pfarrhaus neben der Kirche noch etwas zu verweilen und den Abend im Gespr\u00e4ch und Austausch ausklingen zu lassen.<\/p>\n\n\n\n<p><a href=\"http:\/\/stiftung-kirche-st-josef.de\/wp-content\/uploads\/2026\/02\/20260307_ST.JOSEF_KULTURINSTJOSEF_FLYER_A5_DRUCK.pdf\">Kultu in St. Josef Flyer 03\/2026<\/a><\/p>\n","protected":false},"excerpt":{"rendered":"<p>Der Vorstand der STIFTUNG KIRCHE ST. JOSEF l\u00e4dt herzlich im Rahmen unserer Veranstaltungsreihe Kultur in St. Josef zu einem Chorkonzert unter dem Thema: &#8222;Wer ist Bach?&#8220; &#8211; Motetten vom gro\u00dfen Johann Sebastian und seinen Verwandtenf\u00fcr Samstag, den 07. M\u00e4rz 2026 um 19:00 Uhr in die Kirche St. Josef ein. Johann Sebastian Bach ist vielleicht die &hellip; <\/p>\n<p class=\"link-more\"><a href=\"http:\/\/stiftung-kirche-st-josef.de\/?p=157\" class=\"more-link\"><span class=\"screen-reader-text\">\u201eKultur in St. Josef im M\u00e4rz 2026\u201c<\/span> weiterlesen<\/a><\/p>\n","protected":false},"author":1,"featured_media":0,"comment_status":"closed","ping_status":"closed","sticky":true,"template":"","format":"standard","meta":{"footnotes":""},"categories":[3],"tags":[],"class_list":["post-157","post","type-post","status-publish","format-standard","hentry","category-veranstaltungen"],"_links":{"self":[{"href":"http:\/\/stiftung-kirche-st-josef.de\/index.php?rest_route=\/wp\/v2\/posts\/157"}],"collection":[{"href":"http:\/\/stiftung-kirche-st-josef.de\/index.php?rest_route=\/wp\/v2\/posts"}],"about":[{"href":"http:\/\/stiftung-kirche-st-josef.de\/index.php?rest_route=\/wp\/v2\/types\/post"}],"author":[{"embeddable":true,"href":"http:\/\/stiftung-kirche-st-josef.de\/index.php?rest_route=\/wp\/v2\/users\/1"}],"replies":[{"embeddable":true,"href":"http:\/\/stiftung-kirche-st-josef.de\/index.php?rest_route=%2Fwp%2Fv2%2Fcomments&post=157"}],"version-history":[{"count":4,"href":"http:\/\/stiftung-kirche-st-josef.de\/index.php?rest_route=\/wp\/v2\/posts\/157\/revisions"}],"predecessor-version":[{"id":162,"href":"http:\/\/stiftung-kirche-st-josef.de\/index.php?rest_route=\/wp\/v2\/posts\/157\/revisions\/162"}],"wp:attachment":[{"href":"http:\/\/stiftung-kirche-st-josef.de\/index.php?rest_route=%2Fwp%2Fv2%2Fmedia&parent=157"}],"wp:term":[{"taxonomy":"category","embeddable":true,"href":"http:\/\/stiftung-kirche-st-josef.de\/index.php?rest_route=%2Fwp%2Fv2%2Fcategories&post=157"},{"taxonomy":"post_tag","embeddable":true,"href":"http:\/\/stiftung-kirche-st-josef.de\/index.php?rest_route=%2Fwp%2Fv2%2Ftags&post=157"}],"curies":[{"name":"wp","href":"https:\/\/api.w.org\/{rel}","templated":true}]}}